{"id":50754,"date":"2025-09-15T13:28:17","date_gmt":"2025-09-15T11:28:17","guid":{"rendered":"https:\/\/bjornlunden.com\/?post_type=blogs&#038;p=50754"},"modified":"2026-06-05T08:56:54","modified_gmt":"2026-06-05T06:56:54","slug":"ansvarsforsakring-sa-funkar-det","status":"publish","type":"blogs","link":"https:\/\/bjornlunden.com\/se\/bjornkoll\/blogg\/ansvarsforsakring-sa-funkar-det\/","title":{"rendered":"Ansvarsf\u00f6rs\u00e4kring \u2013 s\u00e5 funkar det"},"content":{"rendered":"\n<p class=\"wp-block-paragraph\"><strong>En ansvarsf\u00f6rs\u00e4kring g\u00e4ller om man blir skadest\u00e5ndsskyldig p\u00e5 grund av att man skadat en annan person eller hans egendom. Man kan s\u00e4ga att detta \u00e4r en typ av drullef\u00f6rs\u00e4kring. En s\u00e5dan ing\u00e5r ocks\u00e5 normalt i en hemf\u00f6rs\u00e4kring, men den t\u00e4cker endast s\u00e5dant man g\u00f6r sig skyldig till i egenskap av privatperson.<\/strong>&nbsp;<\/p>\n\n\n\n<h5 class=\"wp-block-heading\">Kombinerad f\u00f6rs\u00e4kring<br><\/h5>\n\n\n\n<p class=\"wp-block-paragraph\">\nEn ansvarsf\u00f6rs\u00e4kring kan tecknas separat, men den kan \u00e4ven ing\u00e5 i en s\u00e5 kallad kombinerad f\u00f6retagsf\u00f6rs\u00e4kring. Ansvars\u00adf\u00f6rs\u00e4kringen t\u00e4cker det skadest\u00e5nds\u00adansvar som f\u00f6re\u00adtaget kan drabbas av om f\u00f6re\u00adtaget varit v\u00e5rdsl\u00f6st, dvs har skadat n\u00e5gon i sin verksamhet p\u00e5 grund av att n\u00e5gon \u00adperson p\u00e5 f\u00f6retaget varit oaktsam.<\/p>\n\n\n\n<p class=\"wp-block-paragraph\">\nF\u00f6rs\u00e4kringen t\u00e4cker <em>inte <\/em>skador som har orsakats upps\u00e5tligen, dvs med avsikt. Exakt vad f\u00f6rs\u00e4kringen t\u00e4cker och i vilka situationer den \u00adg\u00e4ller framg\u00e5r av f\u00f6rs\u00e4kringsvillkoren.<\/p>\n\n\n\n<p class=\"wp-block-paragraph\">\nDet \u00e4r mycket viktigt att n\u00e4ringsidkaren g\u00e5r igenom villkoren och st\u00e4ller fr\u00e5gor till sitt f\u00f6rs\u00e4kringsbolag s\u00e5 att f\u00f6rs\u00e4kringen verkligen g\u00e4ller f\u00f6r n\u00e4ringsidkarens \u00ads\u00e4rskilda typ av verksamhet. S\u00e4ljer ett f\u00f6retag konsulttj\u00e4nster \u00e4r det inte s\u00e4kert att det \u00e4r tillr\u00e4ckligt att f\u00f6retaget tecknar en kombinerad f\u00f6retagsf\u00f6rs\u00e4kring. Ibland \u00e4r n\u00e4mligen konsulttj\u00e4nster undantagna fr\u00e5n den f\u00f6rs\u00e4kringen och n\u00e4ringsidkaren m\u00e5ste allts\u00e5 teckna en till\u00e4ggsf\u00f6rs\u00e4kring. Likas\u00e5 om en n\u00e4ringsidkare exempelvis ger ekonomisk r\u00e5dgivning eller g\u00f6r starkstr\u00f6msinstallationer.<\/p>\n\n\n\n<h5 class=\"wp-block-heading\">\nSkador som anst\u00e4llda v\u00e5llar<\/h5>\n\n\n\n<p class=\"wp-block-paragraph\">\nF\u00f6rs\u00e4kringen t\u00e4cker vanligtvis ocks\u00e5 skador som f\u00f6retagets anst\u00e4llda \u00e4r v\u00e5llande till.<\/p>\n\n\n\n<h5 class=\"wp-block-heading\">\nTyper av skador<\/h5>\n\n\n\n<p class=\"wp-block-paragraph\">\nAnsvarsf\u00f6rs\u00e4kringen t\u00e4cker person- och sakskador.<\/p>\n\n\n\n<blockquote class=\"wp-block-quote is-layout-flow wp-block-quote-is-layout-flow\">\n<p class=\"wp-block-paragraph\">Hantverkarna HB ska m\u00e5la om Lidera AB:s konferensrum. En anst\u00e4lld \u00adr\u00e5kar st\u00f6ta till en dyrbar kristallkrona s\u00e5 att den g\u00e5r i golvet. Den anst\u00e4llde blir inte ers\u00e4ttningsskyldig. Det \u00e4r ist\u00e4llet Hantverkarna HB som m\u00e5ste betala skadan p\u00e5 kristallkronan. F\u00f6retaget kan dock utnyttja sin f\u00f6rs\u00e4kring eftersom det \u00e4r en sak som har skadats.<\/p>\n<\/blockquote>\n\n\n\n<p class=\"wp-block-paragraph\">\nEn ren f\u00f6rm\u00f6genhetsskada \u00e4r en ekonomisk skada som har orsak\u00adats utan att det finns n\u00e5got samband med n\u00e5gon person- eller sakskada. Den vanliga ansvarsf\u00f6rs\u00e4kringen t\u00e4cker vanligtvis inte rena f\u00f6rm\u00f6genhetsskador, exempelvis om den skade\u00addrabbade g\u00e5r miste om en vinst i sin verksamhet. Med detta menas att om en s\u00e4ljare inte levererar den kvantitet av en produkt som man avtalat om s\u00e5 t\u00e4cks denna f\u00f6rlust inte av en ansvarsf\u00f6rs\u00e4kring. K\u00f6paren f\u00e5r i det h\u00e4r fallet ers\u00e4ttning p\u00e5 s\u00e5 s\u00e4tt att han kan g\u00f6ra pris\u00adavdrag eller f\u00e5r \u00e5terbetalning av k\u00f6peskillingen.<\/p>\n\n\n\n<h5 class=\"wp-block-heading\">\nObligatoriska ansvarsf\u00f6rs\u00e4kringar<\/h5>\n\n\n\n<p class=\"wp-block-paragraph\">\nExempel p\u00e5 obligatoriska ansvarsf\u00f6rs\u00e4kringar \u00e4r trafikf\u00f6rs\u00e4kringen och f\u00f6rs\u00e4kringar som ska tecknas enligt olje\u00adansvarighetslagen eller atom\u00adansvarighetslagen. Auktoriserade eller godk\u00e4nda revisorer m\u00e5ste ha ansvarsf\u00f6rs\u00e4kring med ett s\u00e4rskilt till\u00e4gg f\u00f6r f\u00f6rm\u00f6genhetsskada. Det m\u00e5ste \u00e4ven legitimerade redovisningskonsulter och redovisnings\u00adkonsulter anslutna till SRF. \u00c4ven fastighets- och f\u00f6rs\u00e4kringsm\u00e4klare m\u00e5ste ha ansvarsf\u00f6rs\u00e4kring, liksom advokater och bi\u00adtr\u00e4dande jurister vid advokatbyr\u00e5er. Den som har en s\u00e5dan f\u00f6rs\u00e4kring beh\u00f6ver allts\u00e5 inte betala hela skadest\u00e5ndet ur egen ficka om han blir d\u00f6md.<\/p>\n\n\n\n<blockquote class=\"wp-block-quote is-layout-flow wp-block-quote-is-layout-flow\">\n<p class=\"wp-block-paragraph\"><a href=\"https:\/\/bjornlunden.com\/se\/redovisning\/bokforingsprogram\/\" data-type=\"page\" data-id=\"4349\">Med Lundify hanterar du bokf\u00f6ring, fakturering och betalningar smidigt i mobilen eller p\u00e5 webben. Testa gratis i 30 dagar.<\/a><\/p>\n<\/blockquote>\n\n\n\n<p class=\"wp-block-paragraph\"><\/p>\n","protected":false},"excerpt":{"rendered":"<p>En ansvarsf\u00f6rs\u00e4kring g\u00e4ller om man blir skadest\u00e5ndsskyldig p\u00e5 grund av att man skadat en annan person eller hans egendom. Man kan s\u00e4ga att detta \u00e4r en typ av drullef\u00f6rs\u00e4kring. En s\u00e5dan ing\u00e5r ocks\u00e5 normalt i en hemf\u00f6rs\u00e4kring, men den t\u00e4cker endast s\u00e5dant man g\u00f6r sig skyldig till i egenskap av privatperson.&nbsp; Kombinerad f\u00f6rs\u00e4kring En ansvarsf\u00f6rs\u00e4kring [&hellip;]<\/p>\n","protected":false},"author":36,"featured_media":47987,"menu_order":0,"template":"","categories":[],"class_list":["post-50754","blogs","type-blogs","status-publish","has-post-thumbnail","hentry"],"acf":[],"_links":{"self":[{"href":"https:\/\/bjornlunden.com\/se\/wp-json\/wp\/v2\/blogs\/50754","targetHints":{"allow":["GET"]}}],"collection":[{"href":"https:\/\/bjornlunden.com\/se\/wp-json\/wp\/v2\/blogs"}],"about":[{"href":"https:\/\/bjornlunden.com\/se\/wp-json\/wp\/v2\/types\/blogs"}],"author":[{"embeddable":true,"href":"https:\/\/bjornlunden.com\/se\/wp-json\/wp\/v2\/users\/36"}],"version-history":[{"count":2,"href":"https:\/\/bjornlunden.com\/se\/wp-json\/wp\/v2\/blogs\/50754\/revisions"}],"predecessor-version":[{"id":51078,"href":"https:\/\/bjornlunden.com\/se\/wp-json\/wp\/v2\/blogs\/50754\/revisions\/51078"}],"wp:featuredmedia":[{"embeddable":true,"href":"https:\/\/bjornlunden.com\/se\/wp-json\/wp\/v2\/media\/47987"}],"wp:attachment":[{"href":"https:\/\/bjornlunden.com\/se\/wp-json\/wp\/v2\/media?parent=50754"}],"wp:term":[{"taxonomy":"category","embeddable":true,"href":"https:\/\/bjornlunden.com\/se\/wp-json\/wp\/v2\/categories?post=50754"}],"curies":[{"name":"wp","href":"https:\/\/api.w.org\/{rel}","templated":true}]}}