{"id":11656,"date":"2025-08-28T10:54:00","date_gmt":"2025-08-28T08:54:00","guid":{"rendered":"https:\/\/bjornlunden.com\/kennisbank\/blogs\/semesterlon-semesterersattning-och-semestertillagg\/"},"modified":"2025-09-30T14:14:21","modified_gmt":"2025-09-30T12:14:21","slug":"semesterlon-semesterersattning-och-semestertillagg","status":"publish","type":"blogs","link":"https:\/\/bjornlunden.com\/se\/bjornkoll\/blogg\/semesterlon-semesterersattning-och-semestertillagg\/","title":{"rendered":"Semesterl\u00f6n, semesterers\u00e4ttning och semestertill\u00e4gg"},"content":{"rendered":"\n<p>Alla f\u00f6retag omfattas av samma semesterregler (semesterlagen), oavsett hur m\u00e5nga anst\u00e4llda f\u00f6retaget har och i vilken bransch f\u00f6retaget verkar. Men f\u00f6r m\u00e5nga mindre f\u00f6retag kan semesterlagens best\u00e4mmelser ibland verka \u00f6verdrivet kr\u00e5ngliga. F\u00f6rutom semesterlagen i stort g\u00e5r vi i den h\u00e4r artikeln igenom begrepp som semesterl\u00f6n, semesterers\u00e4ttning och semestertill\u00e4gg.&nbsp;<\/p>\n\n\n\n<h5 class=\"wp-block-heading\">Semesterlagen \u2013 social skyddslag<\/h5>\n\n\n\n<p>Semesterlagen \u00e4r en social skyddslag som inneh\u00e5ller minimibest\u00e4mmelser f\u00f6r att ge alla anst\u00e4llda rimliga semesterf\u00f6rm\u00e5ner. Det finns normalt inget som hindrar dig som arbetsgivare att ge dina anst\u00e4llda b\u00e4ttre f\u00f6rm\u00e5ner \u00e4n vad lagen kr\u00e4ver, t ex fler betalda semesterdagar, h\u00f6gre semesterl\u00f6n eller m\u00f6jlighet att f\u00f6rl\u00e4gga semestern n\u00e4r under \u00e5ret de sj\u00e4lva vill.<\/p>\n\n\n\n<p>M\u00e5nga f\u00f6retag, s\u00e4rskilt de st\u00f6rre f\u00f6retagen, har kollektivavtal d\u00e4r semesterreglerna f\u00f6r de anst\u00e4llda regleras. Kollektivavtalet tar d\u00e5 \u00f6ver vissa av semesterlagens best\u00e4mmelser. Har f\u00f6retaget tecknat ett kollektivavtal eller h\u00e4ngavtal m\u00e5ste man f\u00f6lja best\u00e4mmelserna i avtalet.<\/p>\n\n\n\n<h5 class=\"wp-block-heading\">Vilka semesterf\u00f6rm\u00e5ner reglerar semesterlagen?<\/h5>\n\n\n\n<p>Semesterlagen \u00e4r framf\u00f6r allt till f\u00f6r att ge en lagstadgad r\u00e4tt till vila och rekreation. Med r\u00e4tt till semester menas allts\u00e5 en r\u00e4tt att vara ledig f\u00f6r rekreation p\u00e5 arbetsgivarens bekostnad.<\/p>\n\n\n\n<p>De semesterf\u00f6rm\u00e5ner som lagen reglerar \u00e4r:<\/p>\n\n\n\n<ul class=\"wp-block-list\">\n<li>semesterledighet<\/li>\n\n\n\n<li>semesterl\u00f6n<\/li>\n\n\n\n<li>semesterers\u00e4ttning<\/li>\n<\/ul>\n\n\n\n<p>R\u00e4tten till ledighet g\u00e5r inte hand i hand med r\u00e4tten till semesterl\u00f6n. Har arbetstagaren inte tj\u00e4nat in n\u00e5gon semesterl\u00f6n har personen normalt \u00e4nd\u00e5 r\u00e4tt att vara ledig.<\/p>\n\n\n\n<h5 class=\"wp-block-heading\">Semesterledighet<\/h5>\n\n\n\n<p>Enligt semesterlagen har i princip alla anst\u00e4llda r\u00e4tt till 25 dagars semesterledighet per semester\u00e5r. Det \u00e4r dock bara semester som \u00e4r intj\u00e4nad som ger r\u00e4tt till semesterl\u00f6n. \u00d6vrig semester \u00e4r obetald. Enligt avtal kan en anst\u00e4lld ha r\u00e4tt till l\u00e4ngre semesterledighet och f\u00f6rskottssemester. Arbetsgivaren har en skyldighet att se till att de anst\u00e4llda \u00e4r lediga minst 20 dagar per \u00e5r med semesterl\u00f6n.<\/p>\n\n\n\n<h5 class=\"wp-block-heading\">Anst\u00e4lld efter den 31 augusti<\/h5>\n\n\n\n<p>Den anst\u00e4llde har r\u00e4tt till semesterledighet redan det f\u00f6rsta anst\u00e4llnings\u00e5ret. Normalt har han eller hon r\u00e4tt till 25 dagars ledighet. Har anst\u00e4llningen p\u00e5b\u00f6rjats efter 31 augusti har den anst\u00e4llde dock bara r\u00e4tt till maximalt 5 dagars obetald semester under det innevarande semester\u00e5ret.<\/p>\n\n\n\n<h5 class=\"wp-block-heading\">Intj\u00e4nande\u00e5r och semester\u00e5r<\/h5>\n\n\n\n<p>F\u00f6r att en anst\u00e4lld ska ha r\u00e4tt till betald semester enligt semesterlagen m\u00e5ste semestern allts\u00e5 ha tj\u00e4nats in. Det \u00e5r d\u00e5 semestern tj\u00e4nas in kallas intj\u00e4nande\u00e5r. Efter intj\u00e4nande\u00e5ret f\u00f6ljer semester\u00e5ret vilket \u00e4r det \u00e5r d\u00e5 den anst\u00e4llde har r\u00e4tt att ta ut den intj\u00e4nade semestern. Enligt semesterlagen b\u00f6rjar intj\u00e4nande\u00e5ret 1 april och l\u00f6per till 31 mars \u00e5ret d\u00e4rp\u00e5. Semestern f\u00e5r sedan tas ut under perioden 1 april till 31 mars \u00e5ret efter intj\u00e4nande\u00e5ret, dvs under semester\u00e5ret. Kollektivavtal kan dock inneh\u00e5lla andra best\u00e4mmelser om intj\u00e4nande- och semester\u00e5r.<\/p>\n\n\n\n<blockquote class=\"wp-block-quote is-layout-flow wp-block-quote-is-layout-flow\">\n<p><strong>L\u00f6neprogram med automatiskt semester\u00e5rsbyte<\/strong><\/p>\n\n\n\n<p>Med l\u00f6nesystemet Lundify Payroll slipper du hantera semester\u00e5rsskifte \u2013 det sker helt automatiskt. Programmet ber\u00e4knar l\u00f6pande den anst\u00e4lldes semestersaldo, semesterkvot och dagarnas v\u00e4rde. <a href=\"https:\/\/bjornlunden.com\/se\/tid-lonehantering\/lonesystem\/\" data-type=\"page\" data-id=\"36347\">L\u00e4s mer om Lundify Payroll<\/a>.<\/p>\n<\/blockquote>\n\n\n\n<h5 class=\"wp-block-heading\">Betald och obetald semester<\/h5>\n\n\n\n<p>Enligt lag r\u00e4knas all semesterledighet i hela dagar. Det g\u00e5r allts\u00e5 inte att ha semester en halv dag. Kollektivavtal (som slutits p\u00e5 central niv\u00e5) kan inneh\u00e5lla andra regler f\u00f6r hur semesterledigheten ska ber\u00e4knas. Antalet anst\u00e4llningsdagar (kalenderdagar, dvs \u00e4ven l\u00f6rdag, s\u00f6ndag och helgdag) under intj\u00e4nande\u00e5ret dividerat med 365 (366 vid skott\u00e5r) \u00e4r den andel av det totala antalet semesterdagar som \u00e4r betalda semesterdagar. Antalet dagar avrundas alltid upp\u00e5t.<\/p>\n\n\n\n<p>Anst\u00e4llningsdagarna ska minskas med fr\u00e5nvarodagar, s\u00e5vida det inte \u00e4r fr\u00e5ga om semester, permittering eller semesterl\u00f6negrundande fr\u00e5nvaro. Som fr\u00e5nvarodag r\u00e4knas inte dagar d\u00e5 den anst\u00e4llde har varit borta bara en del av dagen.<\/p>\n\n\n\n<h5 class=\"wp-block-heading\">Sparad semester<\/h5>\n\n\n\n<p>Av de 25 semesterdagar som den anst\u00e4llde har r\u00e4tt till enligt semesterlagen, f\u00e5r h\u00f6gst 5 betalda semesterdagar sparas till ett kommande semester\u00e5r. Det \u00e4r fullt m\u00f6jligt att ge den anst\u00e4llde b\u00e4ttre villkor, t ex 30 dagars semester. I s\u00e5dana fall f\u00e5r h\u00f6gst 10 dagar sparas.<\/p>\n\n\n\n<h5 class=\"wp-block-heading\">Ber\u00e4kning av semesterl\u00f6n och semestertill\u00e4gg<\/h5>\n\n\n\n<p>Det finns tv\u00e5 regler f\u00f6r att ber\u00e4kna semesterl\u00f6n, sammal\u00f6neregeln och procentregeln. N\u00e4r en anst\u00e4lld tar ut betalda semesterdagar tillkommer \u00e4ven ett semestertill\u00e4gg. Tanken \u00e4r att den anst\u00e4llde ska f\u00e5 samma semesterl\u00f6n enligt sammal\u00f6neregeln som enligt procentregeln. F\u00f6r att \u00e5stadkomma detta bygger ber\u00e4kningen av semestertill\u00e4gget p\u00e5 en genomsnittlig \u00e5rlig l\u00f6ne\u00f6kningstakt p\u00e5 3,7% och att en genomsnittlig m\u00e5nad har 21 arbetsdagar.&nbsp;<\/p>\n\n\n\n<h5 class=\"wp-block-heading\">Sammal\u00f6neregeln<\/h5>\n\n\n\n<p>F\u00f6r anst\u00e4llda som har en fast vecko- eller m\u00e5nadsl\u00f6n och inte har komplicerade fr\u00e5nvarom\u00f6nster anv\u00e4nds normalt sammal\u00f6neregeln. Sammal\u00f6neregeln bygger p\u00e5 att en anst\u00e4lld under semestern ska ha sin vanliga l\u00f6n (\u00e4ven fasta l\u00f6netill\u00e4gg) + ett semestertill\u00e4gg med 0,43% av m\u00e5nadsl\u00f6nen (eller 1,82% av veckol\u00f6nen) inklusive fasta l\u00f6netill\u00e4gg per semesterdag.<\/p>\n\n\n\n<h3 class=\"wp-block-heading\">&nbsp;<\/h3>\n","protected":false},"excerpt":{"rendered":"<p>H\u00e4r f\u00e5r du en \u00f6versiktlig genomg\u00e5ng av semesterlagen, bla betald och obetald semester, intj\u00e4nande\u00e5r, semesterl\u00f6n, semesterers\u00e4ttning, semestertill\u00e4gg, mm.<\/p>\n","protected":false},"featured_media":33527,"menu_order":0,"template":"","categories":[],"class_list":["post-11656","blogs","type-blogs","status-publish","has-post-thumbnail","hentry"],"acf":[],"_links":{"self":[{"href":"https:\/\/bjornlunden.com\/se\/wp-json\/wp\/v2\/blogs\/11656","targetHints":{"allow":["GET"]}}],"collection":[{"href":"https:\/\/bjornlunden.com\/se\/wp-json\/wp\/v2\/blogs"}],"about":[{"href":"https:\/\/bjornlunden.com\/se\/wp-json\/wp\/v2\/types\/blogs"}],"version-history":[{"count":5,"href":"https:\/\/bjornlunden.com\/se\/wp-json\/wp\/v2\/blogs\/11656\/revisions"}],"predecessor-version":[{"id":48185,"href":"https:\/\/bjornlunden.com\/se\/wp-json\/wp\/v2\/blogs\/11656\/revisions\/48185"}],"wp:featuredmedia":[{"embeddable":true,"href":"https:\/\/bjornlunden.com\/se\/wp-json\/wp\/v2\/media\/33527"}],"wp:attachment":[{"href":"https:\/\/bjornlunden.com\/se\/wp-json\/wp\/v2\/media?parent=11656"}],"wp:term":[{"taxonomy":"category","embeddable":true,"href":"https:\/\/bjornlunden.com\/se\/wp-json\/wp\/v2\/categories?post=11656"}],"curies":[{"name":"wp","href":"https:\/\/api.w.org\/{rel}","templated":true}]}}